{"id":639,"date":"2007-11-17T15:41:00","date_gmt":"2007-11-17T15:41:00","guid":{"rendered":"http:\/\/www.art-ostermann.at\/?p=639"},"modified":"2025-01-08T14:24:41","modified_gmt":"2025-01-08T14:24:41","slug":"2007-garstner-triptychon-1","status":"publish","type":"post","link":"http:\/\/www.art-ostermann.at\/?p=639","title":{"rendered":"2007 Garstner Triptychon 1"},"content":{"rendered":"\n<p>Samstag den 17. November 2007 um 20 Uhr<br>Pfarrkirche Garsten<\/p>\n\n\n\n<div class=\"wp-block-columns is-layout-flex wp-container-core-columns-is-layout-9d6595d7 wp-block-columns-is-layout-flex\">\n<div class=\"wp-block-column is-layout-flow wp-block-column-is-layout-flow\">\n<figure class=\"wp-block-image size-full\"><img loading=\"lazy\" decoding=\"async\" width=\"500\" height=\"333\" src=\"http:\/\/www.art-ostermann.at\/wp-content\/uploads\/2025\/01\/DSCF4577gross-1.jpg\" alt=\"\" class=\"wp-image-644\" srcset=\"http:\/\/www.art-ostermann.at\/wp-content\/uploads\/2025\/01\/DSCF4577gross-1.jpg 500w, http:\/\/www.art-ostermann.at\/wp-content\/uploads\/2025\/01\/DSCF4577gross-1-300x200.jpg 300w\" sizes=\"auto, (max-width: 500px) 100vw, 500px\" \/><\/figure>\n<\/div>\n\n\n\n<div class=\"wp-block-column is-layout-flow wp-block-column-is-layout-flow\">\n<figure class=\"wp-block-image size-full\"><img loading=\"lazy\" decoding=\"async\" width=\"500\" height=\"333\" src=\"http:\/\/www.art-ostermann.at\/wp-content\/uploads\/2025\/01\/DSCF4584gross.jpg\" alt=\"\" class=\"wp-image-645\" srcset=\"http:\/\/www.art-ostermann.at\/wp-content\/uploads\/2025\/01\/DSCF4584gross.jpg 500w, http:\/\/www.art-ostermann.at\/wp-content\/uploads\/2025\/01\/DSCF4584gross-300x200.jpg 300w\" sizes=\"auto, (max-width: 500px) 100vw, 500px\" \/><\/figure>\n<\/div>\n<\/div>\n\n\n\n<p><strong>Eine barocke Kirche, ohne Barock!<\/strong><br>Seit dem Fr\u00fchjahr 2007 wird der Innenraum der Pfarrkirche Garsten renoviert.<br>Ein massives Ger\u00fcst, verhangen mit wei\u00dfen Planen, verdeckt Stuck und Farben, Putti und Gold. So ist die Kirche, dem Restaurationszyklus folgend, nur alle hundertf\u00fcnzig Jahre zu sehen.<br>Diese einzigartige Situation nimmt eine Gruppe von K\u00fcnstlerInnen aus Steyr und Garsten zum Anlass den Kirchenraum neu zu entdecken.<br>Das Garstner Triptychon ist ein dreiteiliges Kunstprojekt, das in den Jahren 2007, 2008 und 2009 stattfinden wird. <\/p>\n\n\n\n<p><strong>Der erste Teil kreist um die Themen \u201eSch\u00f6pfung\u201c, \u201eUrsprung\u201c und \u201eChaos\u201c.<\/strong><\/p>\n\n\n\n<p><br>Es erwartet Sie ein Klang-, Farb-, Licht- und Stimmerlebnis der besonderen Art. Bildende K\u00fcnstlerInnen lassen vor den Augen des Publikums drei \u00fcberdimensionale Sch\u00f6pf-Bilder entstehen.<br>In Musik, Kl\u00e4ngen und Licht eingewobene Geschichten von H. C. Artmann, der Genesis und der griechischen Mythologie begleiten das Sch\u00f6pfen und Rinnen der Farben.<br>Bildende Kunst: Kunstgruppe Art 64<br>Musikalische Leitung: Klaus Oberleitner<br>Licht: Hermann Schmidinger<br>Stimme: Bernhard Schmalzel<br>www.triptychon.at<\/p>\n\n\n\n<div class=\"wp-block-columns is-layout-flex wp-container-core-columns-is-layout-9d6595d7 wp-block-columns-is-layout-flex\">\n<div class=\"wp-block-column is-layout-flow wp-block-column-is-layout-flow\">\n<figure class=\"wp-block-image size-full\"><img loading=\"lazy\" decoding=\"async\" width=\"333\" height=\"500\" src=\"http:\/\/www.art-ostermann.at\/wp-content\/uploads\/2025\/01\/DSCF4597gross.jpg\" alt=\"\" class=\"wp-image-641\" srcset=\"http:\/\/www.art-ostermann.at\/wp-content\/uploads\/2025\/01\/DSCF4597gross.jpg 333w, http:\/\/www.art-ostermann.at\/wp-content\/uploads\/2025\/01\/DSCF4597gross-200x300.jpg 200w\" sizes=\"auto, (max-width: 333px) 100vw, 333px\" \/><\/figure>\n<\/div>\n\n\n\n<div class=\"wp-block-column is-layout-flow wp-block-column-is-layout-flow\">\n<figure class=\"wp-block-image size-full\"><img loading=\"lazy\" decoding=\"async\" width=\"378\" height=\"500\" src=\"http:\/\/www.art-ostermann.at\/wp-content\/uploads\/2025\/01\/DSCF4482gross.jpg\" alt=\"\" class=\"wp-image-642\" srcset=\"http:\/\/www.art-ostermann.at\/wp-content\/uploads\/2025\/01\/DSCF4482gross.jpg 378w, http:\/\/www.art-ostermann.at\/wp-content\/uploads\/2025\/01\/DSCF4482gross-227x300.jpg 227w\" sizes=\"auto, (max-width: 378px) 100vw, 378px\" \/><\/figure>\n<\/div>\n<\/div>\n\n\n\n<p>RTV Video<\/p>\n\n\n\n<figure class=\"wp-block-video\"><video height=\"576\" style=\"aspect-ratio: 768 \/ 576;\" width=\"768\" controls poster=\"http:\/\/www.art-ostermann.at\/wp-content\/uploads\/2007\/11\/RTV-Video-2007.png\" src=\"http:\/\/www.art-ostermann.at\/wp-content\/uploads\/2007\/11\/RTV_Triptychon.mp4\"><\/video><\/figure>\n\n\n\n<figure class=\"wp-block-image size-full\"><img loading=\"lazy\" decoding=\"async\" width=\"800\" height=\"450\" src=\"http:\/\/www.art-ostermann.at\/wp-content\/uploads\/2025\/01\/Triptychon1_10.jpg\" alt=\"\" class=\"wp-image-647\" srcset=\"http:\/\/www.art-ostermann.at\/wp-content\/uploads\/2025\/01\/Triptychon1_10.jpg 800w, http:\/\/www.art-ostermann.at\/wp-content\/uploads\/2025\/01\/Triptychon1_10-300x169.jpg 300w, http:\/\/www.art-ostermann.at\/wp-content\/uploads\/2025\/01\/Triptychon1_10-768x432.jpg 768w, http:\/\/www.art-ostermann.at\/wp-content\/uploads\/2025\/01\/Triptychon1_10-705x397.jpg 705w\" sizes=\"auto, (max-width: 800px) 100vw, 800px\" \/><\/figure>\n\n\n\n<figure class=\"wp-block-gallery has-nested-images columns-default is-cropped wp-block-gallery-1 is-layout-flex wp-block-gallery-is-layout-flex\">\n<figure class=\"wp-block-image size-large\"><img loading=\"lazy\" decoding=\"async\" width=\"333\" height=\"500\" data-id=\"648\" src=\"http:\/\/www.art-ostermann.at\/wp-content\/uploads\/2025\/01\/DSCF4512gross.jpg\" alt=\"\" class=\"wp-image-648\" srcset=\"http:\/\/www.art-ostermann.at\/wp-content\/uploads\/2025\/01\/DSCF4512gross.jpg 333w, http:\/\/www.art-ostermann.at\/wp-content\/uploads\/2025\/01\/DSCF4512gross-200x300.jpg 200w\" sizes=\"auto, (max-width: 333px) 100vw, 333px\" \/><\/figure>\n\n\n\n<figure class=\"wp-block-image size-large\"><img loading=\"lazy\" decoding=\"async\" width=\"387\" height=\"500\" data-id=\"649\" src=\"http:\/\/www.art-ostermann.at\/wp-content\/uploads\/2025\/01\/DSCF4528gross.jpg\" alt=\"\" class=\"wp-image-649\" srcset=\"http:\/\/www.art-ostermann.at\/wp-content\/uploads\/2025\/01\/DSCF4528gross.jpg 387w, http:\/\/www.art-ostermann.at\/wp-content\/uploads\/2025\/01\/DSCF4528gross-232x300.jpg 232w\" sizes=\"auto, (max-width: 387px) 100vw, 387px\" \/><\/figure>\n<\/figure>\n\n\n\n<p><strong>Das malerische Konzept Triptychon 1.<\/strong><br>Die drei 12 m langen Leinw\u00e4nde waren eine Herausforderung. Auch wenn im gro\u00dfen Kirchenraum, die 1,6 m mal 12 m Bahnen eher klein wirken, waren sie f\u00fcr die k\u00fcnstlerische Gestaltung riesig.<br>Alleine der Arbeitsplatz hoch oben im Altar neben den \u00dcberlebensgro\u00dfen heiligen Figuren war etwas ganz Besonderes. Der Blick von dort in den Kirchenraum war beeindruckend. Besonders auf die gro\u00dfe, erwartungsvolle Menge der Besucher.<br>Wir hatten uns f\u00fcr jede der drei Bahnen links das Thema Wasser rechts das Thema Erde und zum Finale und Mitte das Thema Licht ausgesucht.<br>Zu den Themen passend haben wir auch die Farben gew\u00e4hlt.<br>Neben dem schwierigen Prozess des Sch\u00fctte&#8217;s waren auch die K\u00fcnstler am unteren Ende der Leinwand wichtig. Sie lenken die Farbspuren nicht nur senkrecht, sondern auch diagonal \u00fcber die Leinw\u00e4nde.<\/p>\n\n\n\n<p>Und alles musste nat\u00fcrlich zum Text und Musik passen.<\/p>\n\n\n\n<figure class=\"wp-block-image size-large\"><img loading=\"lazy\" decoding=\"async\" width=\"703\" height=\"1024\" src=\"http:\/\/www.art-ostermann.at\/wp-content\/uploads\/2007\/11\/Trittychon-1-Konzept-703x1024.jpeg\" alt=\"\" class=\"wp-image-680\" srcset=\"http:\/\/www.art-ostermann.at\/wp-content\/uploads\/2007\/11\/Trittychon-1-Konzept-703x1024.jpeg 703w, http:\/\/www.art-ostermann.at\/wp-content\/uploads\/2007\/11\/Trittychon-1-Konzept-206x300.jpeg 206w, http:\/\/www.art-ostermann.at\/wp-content\/uploads\/2007\/11\/Trittychon-1-Konzept-768x1119.jpeg 768w, http:\/\/www.art-ostermann.at\/wp-content\/uploads\/2007\/11\/Trittychon-1-Konzept-1054x1536.jpeg 1054w, http:\/\/www.art-ostermann.at\/wp-content\/uploads\/2007\/11\/Trittychon-1-Konzept-1405x2048.jpeg 1405w, http:\/\/www.art-ostermann.at\/wp-content\/uploads\/2007\/11\/Trittychon-1-Konzept-1029x1500.jpeg 1029w, http:\/\/www.art-ostermann.at\/wp-content\/uploads\/2007\/11\/Trittychon-1-Konzept-484x705.jpeg 484w, http:\/\/www.art-ostermann.at\/wp-content\/uploads\/2007\/11\/Trittychon-1-Konzept-scaled.jpeg 1757w\" sizes=\"auto, (max-width: 703px) 100vw, 703px\" \/><\/figure>\n","protected":false},"excerpt":{"rendered":"<p>Samstag den 17. November 2007 um 20 UhrPfarrkirche Garsten Eine barocke Kirche, ohne Barock!Seit dem Fr\u00fchjahr 2007 wird der Innenraum der Pfarrkirche Garsten renoviert.Ein massives Ger\u00fcst, verhangen mit wei\u00dfen Planen, verdeckt Stuck und Farben, Putti und Gold. So ist die Kirche, dem Restaurationszyklus folgend, nur alle hundertf\u00fcnzig Jahre zu sehen.Diese einzigartige Situation nimmt eine Gruppe [&hellip;]<\/p>\n","protected":false},"author":1,"featured_media":640,"comment_status":"open","ping_status":"open","sticky":false,"template":"","format":"standard","meta":{"footnotes":""},"categories":[21,20],"tags":[],"class_list":["post-639","post","type-post","status-publish","format-standard","has-post-thumbnail","hentry","category-andreas-ostermann","category-irene-ostermann"],"_links":{"self":[{"href":"http:\/\/www.art-ostermann.at\/index.php?rest_route=\/wp\/v2\/posts\/639","targetHints":{"allow":["GET"]}}],"collection":[{"href":"http:\/\/www.art-ostermann.at\/index.php?rest_route=\/wp\/v2\/posts"}],"about":[{"href":"http:\/\/www.art-ostermann.at\/index.php?rest_route=\/wp\/v2\/types\/post"}],"author":[{"embeddable":true,"href":"http:\/\/www.art-ostermann.at\/index.php?rest_route=\/wp\/v2\/users\/1"}],"replies":[{"embeddable":true,"href":"http:\/\/www.art-ostermann.at\/index.php?rest_route=%2Fwp%2Fv2%2Fcomments&post=639"}],"version-history":[{"count":4,"href":"http:\/\/www.art-ostermann.at\/index.php?rest_route=\/wp\/v2\/posts\/639\/revisions"}],"predecessor-version":[{"id":688,"href":"http:\/\/www.art-ostermann.at\/index.php?rest_route=\/wp\/v2\/posts\/639\/revisions\/688"}],"wp:featuredmedia":[{"embeddable":true,"href":"http:\/\/www.art-ostermann.at\/index.php?rest_route=\/wp\/v2\/media\/640"}],"wp:attachment":[{"href":"http:\/\/www.art-ostermann.at\/index.php?rest_route=%2Fwp%2Fv2%2Fmedia&parent=639"}],"wp:term":[{"taxonomy":"category","embeddable":true,"href":"http:\/\/www.art-ostermann.at\/index.php?rest_route=%2Fwp%2Fv2%2Fcategories&post=639"},{"taxonomy":"post_tag","embeddable":true,"href":"http:\/\/www.art-ostermann.at\/index.php?rest_route=%2Fwp%2Fv2%2Ftags&post=639"}],"curies":[{"name":"wp","href":"https:\/\/api.w.org\/{rel}","templated":true}]}}