{"id":1146,"date":"2014-11-26T12:17:00","date_gmt":"2014-11-26T12:17:00","guid":{"rendered":"http:\/\/www.art-ostermann.at\/?p=1146"},"modified":"2025-01-11T12:20:20","modified_gmt":"2025-01-11T12:20:20","slug":"2014-konzentration","status":"publish","type":"post","link":"http:\/\/www.art-ostermann.at\/?p=1146","title":{"rendered":"2014 Konzentration"},"content":{"rendered":"\n<figure class=\"wp-block-image size-large\"><img loading=\"lazy\" decoding=\"async\" width=\"1024\" height=\"296\" src=\"http:\/\/www.art-ostermann.at\/wp-content\/uploads\/2025\/01\/Konzentration-1024x296.jpg\" alt=\"\" class=\"wp-image-1148\" srcset=\"http:\/\/www.art-ostermann.at\/wp-content\/uploads\/2025\/01\/Konzentration-1024x296.jpg 1024w, http:\/\/www.art-ostermann.at\/wp-content\/uploads\/2025\/01\/Konzentration-300x87.jpg 300w, http:\/\/www.art-ostermann.at\/wp-content\/uploads\/2025\/01\/Konzentration-768x222.jpg 768w, http:\/\/www.art-ostermann.at\/wp-content\/uploads\/2025\/01\/Konzentration-1536x444.jpg 1536w, http:\/\/www.art-ostermann.at\/wp-content\/uploads\/2025\/01\/Konzentration-2048x593.jpg 2048w, http:\/\/www.art-ostermann.at\/wp-content\/uploads\/2025\/01\/Konzentration-1500x434.jpg 1500w, http:\/\/www.art-ostermann.at\/wp-content\/uploads\/2025\/01\/Konzentration-705x204.jpg 705w\" sizes=\"auto, (max-width: 1024px) 100vw, 1024px\" \/><\/figure>\n\n\n\n<p>Vernissage: Mi 26. 11. 2014, 19:00<br>Dauer: 27. 11. \u2013 20. 12. 2014<br>Galerie Forum Wels<br>Stadtplatz 8 \/ Eingang Traungasse<br>\u00d6ffnungszeiten: Mi &#8211; Fr: 16:00-19:00, Sa: 10:00-12:00<br>Tel.: 07242\/29124 (zu den \u00d6ffnungszeiten)<br>www.galerie-forum.at; galerie-forum@aon.at<br>www.facebook.com\/galerieforum<\/p>\n\n\n\n<figure class=\"wp-block-image size-large\"><img loading=\"lazy\" decoding=\"async\" width=\"1024\" height=\"768\" src=\"http:\/\/www.art-ostermann.at\/wp-content\/uploads\/2025\/01\/IMG_0997-1024x768.jpg\" alt=\"\" class=\"wp-image-1147\" srcset=\"http:\/\/www.art-ostermann.at\/wp-content\/uploads\/2025\/01\/IMG_0997-1024x768.jpg 1024w, http:\/\/www.art-ostermann.at\/wp-content\/uploads\/2025\/01\/IMG_0997-300x225.jpg 300w, http:\/\/www.art-ostermann.at\/wp-content\/uploads\/2025\/01\/IMG_0997-768x576.jpg 768w, http:\/\/www.art-ostermann.at\/wp-content\/uploads\/2025\/01\/IMG_0997-1536x1152.jpg 1536w, http:\/\/www.art-ostermann.at\/wp-content\/uploads\/2025\/01\/IMG_0997-2048x1536.jpg 2048w, http:\/\/www.art-ostermann.at\/wp-content\/uploads\/2025\/01\/IMG_0997-1500x1125.jpg 1500w, http:\/\/www.art-ostermann.at\/wp-content\/uploads\/2025\/01\/IMG_0997-705x529.jpg 705w\" sizes=\"auto, (max-width: 1024px) 100vw, 1024px\" \/><\/figure>\n\n\n\n<p>\u201e(von Kr\u00e4ften, M\u00e4chten) Vereinigung, Zusammenstellung, Verdichtung an einer Stelle, in einer Hand; das Konzentrieren; hoher Grad der Aufmerksamkeit und der geistigen Anspannung, die auf eine bestimmte T\u00e4tigkeit o. \u00c4. gerichtet ist; (Chemie) Gehalt einer L\u00f6sung an gel\u00f6stem Stoff \u201c (Duden online)<br>Gemeinschaftsausstellung der Galerie Forum 2014<br>Die Mitglieder der Galerie Forum sowie die von diesen eingeladenen G\u00e4ste sind ersucht, ihre Arbeiten im Format DIN A6 zum vorgegebenen Thema w\u00e4hrend der Vernissage von 19.00 bis 21.00 Uhr selbst in den Galerier\u00e4umen zu positionieren und so an der Konzentration der Gemeinschaftsausstellung mitzugestalten. Der Aufbau wird zur Ausstellungser\u00f6ffnung, von und auf dorfTV (www.dorftv.at\/) live \u00fcbertragen. Am Samstag, dem 20.12. endet das Ausstellungsjahr 2014 um 12.00 Uhr mit einem \u201eSchlusspunkt\u201c.<\/p>\n\n\n\n<figure class=\"wp-block-image size-large\"><img loading=\"lazy\" decoding=\"async\" width=\"1024\" height=\"768\" src=\"http:\/\/www.art-ostermann.at\/wp-content\/uploads\/2025\/01\/IMG_0990-1024x768.jpg\" alt=\"\" class=\"wp-image-1150\" srcset=\"http:\/\/www.art-ostermann.at\/wp-content\/uploads\/2025\/01\/IMG_0990-1024x768.jpg 1024w, http:\/\/www.art-ostermann.at\/wp-content\/uploads\/2025\/01\/IMG_0990-300x225.jpg 300w, http:\/\/www.art-ostermann.at\/wp-content\/uploads\/2025\/01\/IMG_0990-768x576.jpg 768w, http:\/\/www.art-ostermann.at\/wp-content\/uploads\/2025\/01\/IMG_0990-1536x1152.jpg 1536w, http:\/\/www.art-ostermann.at\/wp-content\/uploads\/2025\/01\/IMG_0990-2048x1536.jpg 2048w, http:\/\/www.art-ostermann.at\/wp-content\/uploads\/2025\/01\/IMG_0990-1500x1125.jpg 1500w, http:\/\/www.art-ostermann.at\/wp-content\/uploads\/2025\/01\/IMG_0990-705x529.jpg 705w\" sizes=\"auto, (max-width: 1024px) 100vw, 1024px\" \/><\/figure>\n\n\n\n<figure class=\"wp-block-image size-large\"><img loading=\"lazy\" decoding=\"async\" width=\"1024\" height=\"768\" src=\"http:\/\/www.art-ostermann.at\/wp-content\/uploads\/2025\/01\/IMG_0991-1024x768.jpg\" alt=\"\" class=\"wp-image-1151\" srcset=\"http:\/\/www.art-ostermann.at\/wp-content\/uploads\/2025\/01\/IMG_0991-1024x768.jpg 1024w, http:\/\/www.art-ostermann.at\/wp-content\/uploads\/2025\/01\/IMG_0991-300x225.jpg 300w, http:\/\/www.art-ostermann.at\/wp-content\/uploads\/2025\/01\/IMG_0991-768x576.jpg 768w, http:\/\/www.art-ostermann.at\/wp-content\/uploads\/2025\/01\/IMG_0991-1536x1152.jpg 1536w, http:\/\/www.art-ostermann.at\/wp-content\/uploads\/2025\/01\/IMG_0991-2048x1536.jpg 2048w, http:\/\/www.art-ostermann.at\/wp-content\/uploads\/2025\/01\/IMG_0991-1500x1125.jpg 1500w, http:\/\/www.art-ostermann.at\/wp-content\/uploads\/2025\/01\/IMG_0991-705x529.jpg 705w\" sizes=\"auto, (max-width: 1024px) 100vw, 1024px\" \/><\/figure>\n","protected":false},"excerpt":{"rendered":"<p>Vernissage: Mi 26. 11. 2014, 19:00Dauer: 27. 11. \u2013 20. 12. 2014Galerie Forum WelsStadtplatz 8 \/ Eingang Traungasse\u00d6ffnungszeiten: Mi &#8211; Fr: 16:00-19:00, Sa: 10:00-12:00Tel.: 07242\/29124 (zu den \u00d6ffnungszeiten)www.galerie-forum.at; galerie-forum@aon.atwww.facebook.com\/galerieforum \u201e(von Kr\u00e4ften, M\u00e4chten) Vereinigung, Zusammenstellung, Verdichtung an einer Stelle, in einer Hand; das Konzentrieren; hoher Grad der Aufmerksamkeit und der geistigen Anspannung, die auf eine bestimmte [&hellip;]<\/p>\n","protected":false},"author":1,"featured_media":1149,"comment_status":"open","ping_status":"open","sticky":false,"template":"","format":"standard","meta":{"footnotes":""},"categories":[20],"tags":[],"class_list":["post-1146","post","type-post","status-publish","format-standard","has-post-thumbnail","hentry","category-irene-ostermann"],"_links":{"self":[{"href":"http:\/\/www.art-ostermann.at\/index.php?rest_route=\/wp\/v2\/posts\/1146","targetHints":{"allow":["GET"]}}],"collection":[{"href":"http:\/\/www.art-ostermann.at\/index.php?rest_route=\/wp\/v2\/posts"}],"about":[{"href":"http:\/\/www.art-ostermann.at\/index.php?rest_route=\/wp\/v2\/types\/post"}],"author":[{"embeddable":true,"href":"http:\/\/www.art-ostermann.at\/index.php?rest_route=\/wp\/v2\/users\/1"}],"replies":[{"embeddable":true,"href":"http:\/\/www.art-ostermann.at\/index.php?rest_route=%2Fwp%2Fv2%2Fcomments&post=1146"}],"version-history":[{"count":1,"href":"http:\/\/www.art-ostermann.at\/index.php?rest_route=\/wp\/v2\/posts\/1146\/revisions"}],"predecessor-version":[{"id":1152,"href":"http:\/\/www.art-ostermann.at\/index.php?rest_route=\/wp\/v2\/posts\/1146\/revisions\/1152"}],"wp:featuredmedia":[{"embeddable":true,"href":"http:\/\/www.art-ostermann.at\/index.php?rest_route=\/wp\/v2\/media\/1149"}],"wp:attachment":[{"href":"http:\/\/www.art-ostermann.at\/index.php?rest_route=%2Fwp%2Fv2%2Fmedia&parent=1146"}],"wp:term":[{"taxonomy":"category","embeddable":true,"href":"http:\/\/www.art-ostermann.at\/index.php?rest_route=%2Fwp%2Fv2%2Fcategories&post=1146"},{"taxonomy":"post_tag","embeddable":true,"href":"http:\/\/www.art-ostermann.at\/index.php?rest_route=%2Fwp%2Fv2%2Ftags&post=1146"}],"curies":[{"name":"wp","href":"https:\/\/api.w.org\/{rel}","templated":true}]}}